{"id":38064,"date":"2023-05-30T17:10:31","date_gmt":"2023-05-30T17:10:31","guid":{"rendered":"https:\/\/quintadocouco.pt\/?p=38064"},"modified":"2023-05-30T17:21:07","modified_gmt":"2023-05-30T17:21:07","slug":"arouca-nomeada-pelo-segundo-ano-consecutivo-destino-revelacao-nos-premios-ahresp","status":"publish","type":"post","link":"https:\/\/quintadocouco.pt\/fr\/arouca-nomeada-pelo-segundo-ano-consecutivo-destino-revelacao-nos-premios-ahresp\/","title":{"rendered":"Arouca nomeada pelo segundo ano consecutivo Destino Revela\u00e7\u00e3o nos Pr\u00e9mios AHRESP"},"content":{"rendered":"<div class=\"wp-block-image\">\n<figure class=\"aligncenter size-full\"><a href=\"https:\/\/quintadocouco.pt\/wp-content\/uploads\/2023\/05\/arouca-AHRESP.jpeg\"><img loading=\"lazy\" decoding=\"async\" width=\"309\" height=\"163\" src=\"https:\/\/quintadocouco.pt\/wp-content\/uploads\/2023\/05\/arouca-AHRESP.jpeg\" alt=\"\" class=\"wp-image-38066\" srcset=\"https:\/\/quintadocouco.pt\/wp-content\/uploads\/2023\/05\/arouca-AHRESP.jpeg 309w, https:\/\/quintadocouco.pt\/wp-content\/uploads\/2023\/05\/arouca-AHRESP-300x158.jpeg 300w, https:\/\/quintadocouco.pt\/wp-content\/uploads\/2023\/05\/arouca-AHRESP-18x9.jpeg 18w\" sizes=\"auto, (max-width: 309px) 100vw, 309px\" \/><\/a><\/figure>\n<\/div>\n\n\n<p>Arouca \u00e9 finalista dos pr\u00e9mios AHRESP\u201923 na categoria Destino Revela\u00e7\u00e3o do Ano, cujo objetivo \u00e9 distinguir o destino que mais contribuiu para alavancar o crescimento e o desenvolvimento da sua regi\u00e3o. As vota\u00e7\u00f5es do p\u00fablico decorrem at\u00e9 7 de maio (domingo) e podem ser feitas aqui. O sistema de vota\u00e7\u00e3o funciona atrav\u00e9s de registo por email e nome e cada endere\u00e7o de email s\u00f3 pode votar uma vez.<\/p>\n\n\n\n<p>Os Pr\u00e9mios da AHRESP (Associa\u00e7\u00e3o da Hotelaria, Restaura\u00e7\u00e3o e Similares de Portugal) s\u00e3o o evento que distingue anualmente os melhores do ano nos setores da Restaura\u00e7\u00e3o, Alojamento e Promo\u00e7\u00e3o Tur\u00edstica em Portugal. A organiza\u00e7\u00e3o \u00e9 da responsabilidade da AHRESP. A gala de entrega dos pr\u00e9mios AHRESP est\u00e1 agendada para 2 de junho, no P\u00e1tio da Gal\u00e9, em Lisboa.<\/p>\n\n\n\n<p><br>Noticia completa em: https:\/\/www.cm-arouca.pt\/arouca-nomeada-pelos-segundo-ano-consecutivo-como-destino-revelacao-nos-premios-ahresp23\/<\/p>","protected":false},"excerpt":{"rendered":"<p>Arouca \u00e9 finalista dos pr\u00e9mios AHRESP\u201923 na categoria Destino Revela\u00e7\u00e3o do Ano, cujo objetivo \u00e9 distinguir o destino que mais contribuiu para alavancar o crescimento e o desenvolvimento da sua regi\u00e3o. As vota\u00e7\u00f5es do p\u00fablico decorrem at\u00e9 7 de maio (domingo) e podem ser feitas aqui. O sistema de vota\u00e7\u00e3o funciona atrav\u00e9s de registo por &#8230;<\/p>","protected":false},"author":1,"featured_media":38066,"comment_status":"closed","ping_status":"open","sticky":false,"template":"","format":"standard","meta":{"footnotes":""},"categories":[206],"tags":[],"class_list":["post-38064","post","type-post","status-publish","format-standard","has-post-thumbnail","hentry","category-turismo"],"_links":{"self":[{"href":"https:\/\/quintadocouco.pt\/fr\/wp-json\/wp\/v2\/posts\/38064","targetHints":{"allow":["GET"]}}],"collection":[{"href":"https:\/\/quintadocouco.pt\/fr\/wp-json\/wp\/v2\/posts"}],"about":[{"href":"https:\/\/quintadocouco.pt\/fr\/wp-json\/wp\/v2\/types\/post"}],"author":[{"embeddable":true,"href":"https:\/\/quintadocouco.pt\/fr\/wp-json\/wp\/v2\/users\/1"}],"replies":[{"embeddable":true,"href":"https:\/\/quintadocouco.pt\/fr\/wp-json\/wp\/v2\/comments?post=38064"}],"version-history":[{"count":0,"href":"https:\/\/quintadocouco.pt\/fr\/wp-json\/wp\/v2\/posts\/38064\/revisions"}],"wp:featuredmedia":[{"embeddable":true,"href":"https:\/\/quintadocouco.pt\/fr\/wp-json\/wp\/v2\/media\/38066"}],"wp:attachment":[{"href":"https:\/\/quintadocouco.pt\/fr\/wp-json\/wp\/v2\/media?parent=38064"}],"wp:term":[{"taxonomy":"category","embeddable":true,"href":"https:\/\/quintadocouco.pt\/fr\/wp-json\/wp\/v2\/categories?post=38064"},{"taxonomy":"post_tag","embeddable":true,"href":"https:\/\/quintadocouco.pt\/fr\/wp-json\/wp\/v2\/tags?post=38064"}],"curies":[{"name":"wp","href":"https:\/\/api.w.org\/{rel}","templated":true}]}}